{"id":1386,"date":"2020-03-04T08:00:00","date_gmt":"2020-03-04T11:00:00","guid":{"rendered":"http:\/\/sergiobertoldi.com\/?p=1386"},"modified":"2020-03-04T22:23:00","modified_gmt":"2020-03-05T01:23:00","slug":"uma-camisa-que-impoe-respeito","status":"publish","type":"post","link":"https:\/\/sergiobertoldi.com\/index.php\/2020\/03\/04\/uma-camisa-que-impoe-respeito\/","title":{"rendered":"Uma camisa que imp\u00f5e respeito"},"content":{"rendered":"\n<p><strong><span style=\"text-decoration: underline;\">Al\u00f4 Na\u00e7\u00e3o Santista! Sauda\u00e7\u00f5es Alvinegras!<\/span><\/strong><\/p>\n\n\n\n<p>A fase pode n\u00e3o ser boa, jogadores e Comiss\u00e3o T\u00e9cnica ainda n\u00e3o conseguiram falar a mesma l\u00edngua, problemas de sal\u00e1rios ou direitos de imagem atrasados, jogadores se estranhando porque um recebeu o que lhe deviam e os outros n\u00e3o! <br>Enfim: O Santos pode estar mais bagun\u00e7ado do que quarto de solteiro, uma verdadeira \u201cCasa da M\u00e3e Joana\u201d, mas a verdade \u00e9 que quando um time de futebol entra em campo todo de branco, n\u00e3o existe est\u00e1dio no Mundo, que n\u00e3o trema!<br>Como um fantasma que durante d\u00e9cadas assombrou o Mundo da bola, ainda hoje os advers\u00e1rios temem e respeitam essa camisa, que \u00e9 a mais famosa do Mundo!<\/p>\n\n\n\n<p>Os Argentinos do Defensa y Justicia, at\u00e9 andaram querendo colocar as manguinhas de fora, sa\u00edram na frente no placar, mas no final da partida tomaram a virada, sucumbindo ao peso da camisa do Santos!<br>Afinal de contas, n\u00e3o \u00e9 para qualquer um, principalmente um estreante no torneio, que pode achar que vai superar assim, um time que tem nada mais, nada menos, do que agora, 131 jogos com 72 vit\u00f3rias na competi\u00e7\u00e3o!<br>Com gols de<strong> Jobson<\/strong> e  <strong>Kaio Jorge<\/strong>, o Santos venceu o time Argentino pelo placar de 2 x 1 de virada! <\/p>\n\n\n\n<figure class=\"wp-block-image size-large\"><img data-recalc-dims=\"1\" decoding=\"async\" src=\"https:\/\/i0.wp.com\/sergiobertoldi.com\/wp-content\/uploads\/2020\/03\/49615374253_1198246862_c.jpg?w=800\" alt=\"\" class=\"wp-image-1387\"\/><figcaption>Jobson teimosia que lhe rendeu seu primeiro gol no profissional do Santos<\/figcaption><\/figure>\n\n\n\n<figure class=\"wp-block-image size-large\"><img data-recalc-dims=\"1\" decoding=\"async\" src=\"https:\/\/i0.wp.com\/sergiobertoldi.com\/wp-content\/uploads\/2020\/03\/49616146687_85ef56dbde_c.jpg?w=800\" alt=\"\" class=\"wp-image-1388\"\/><figcaption> <strong>Kaio Jorge<\/strong> agradece aos c\u00e9us por sua estr\u00e9ia com gol em uma Libertadorers<\/figcaption><\/figure>\n\n\n\n<p>Vamos comemorar sim essa vit\u00f3ria na estreia da Libertadores 2020, afinal como diz o ditado: \u201cDe virada \u00e9 mais gostoso\u201d, mas n\u00e3o deixemos que o resultado, venha mascarar as defici\u00eancias e a verdade dos fatos!<br>Eu acho que essa mudan\u00e7a que estamos vendo no Santos, do cl\u00e1ssico contra o Palmeiras pra c\u00e1, tem muito a ver com o que eu j\u00e1 havia escrito mais de uma vez aqui mesmo no Blog.<br>Escrevi que se os jogadores dentro de campo, estivessem sentindo que o esquema t\u00e1tico implementado pelo treinador Jesualdo Ferreira, n\u00e3o estava dando certo, que eles mesmos se reunissem no gramado, conversassem, e se arrumassem da maneira com a qual que eles estavam acostumados a jogar, e que at\u00e9 ent\u00e3o vinha dando certo!<\/p>\n\n\n\n<p>&nbsp;Portanto meus amigos, eu tenho certeza que essa mudan\u00e7a, essa melhora repentina do futebol apresentado pelo time, \u00e9 de inteira responsabilidade da pr\u00f3pria atitude tomada pelos jogadores, e n\u00e3o tem nada a ver com o trabalho do treinador!<br>N\u00e3o estou desmerecendo o trabalho do treinador! Por\u00e9m n\u00e3o acredito que o mesmo time ap\u00e1tico, sonolento, sem alma, sem garra, e sem vontade, que empatou com a Ferrovi\u00e1ria e perdeu do Ituano, e que vem se arrastando em campo desde a primeira rodada do Paulist\u00e3o, de repente tivesse essa evolu\u00e7\u00e3o mostrada no empate com o Palmeiras, e na vit\u00f3ria de ontem fora de casa, na Argentina, vencendo de virada o Defensa y Justicia, gra\u00e7as a algum trabalho do treinador! At\u00e9 porque at\u00e9 onde sei, o treinador Santista n\u00e3o tem nenhuma varinha m\u00e1gica! <\/p>\n\n\n\n<p>A \u00fanica coisa que eu posso atribuir ao trabalho da comiss\u00e3o t\u00e9cnica, e nisso tenho que confessar que houve uma melhora consider\u00e1vel, foi no aspecto do Preparo F\u00edsico do time! <br>Antes os jogadores se arrastando em campo, e agora est\u00e3o correndo at\u00e9 o final do jogo! Taticamente, a troca do Yuri Alberto pelo Kaio Jorge, foi trocar 6 por meia D\u00fazia! Deu Certo? Deu! Mas trocar um atacante por outro, n\u00e3o \u00e9 mudan\u00e7a t\u00e1tica! <br>Nem a entrada do volante Jobson, podemos dizer que foi para deixar o Santos um pouco mais ofensivo em busca do gol de empate, pois apesar de ser um volante com caracter\u00edsticas mais ofensivas, e que gosta de ser esse elemento surpresa que sabe chegar vindo de tr\u00e1s como aconteceu no gol de empate do Santos, pode ser creditada ao treinador Santista!<\/p>\n\n\n\n<p>Ap\u00f3s o t\u00e9rmino da partida, o pr\u00f3prio jogador confessou que\nteimoso, desobedeceu por conta pr\u00f3pria a determina\u00e7\u00e3o do treinador portugu\u00eas,\npara ficar entre os zagueiros e fazer somente a sa\u00edda de bola. No entanto,\nquando viu um espa\u00e7o enorme se abrir em sua frente, o camisa 8 n\u00e3o titubeou e\nse mandou para o ataque! Sorte do Santos que parece que vem melhorando seu\nfutebol, depois que os jogadores resolveram desobedecer os comandos desse\ntreinador Jur\u00e1ssico e ultrapassado!<\/p>\n\n\n\n<p>N\u00e3o sei ao certo, at\u00e9 quando essa f\u00f3rmula dar\u00e1 certo!<br>O que sei \u00e9 que nesse momento, quem manda no time e na maneira como o time voltou a se comportar, s\u00e3o os pr\u00f3prios jogadores!<br>Se minhas suspeitas tem fundamento, a verdade logo vir\u00e1 \u00e1 tona.<\/p>\n\n\n\n<p><strong><span style=\"text-decoration: underline;\">FICHA T\u00c9CNICA<\/span><\/strong><br><strong>DEFENSA Y JUSTICIA 1 X 2 SANTOS<\/strong><br>Est\u00e1dio: <strong>Norberto Tomaghello &#8211; Buenos Aires (ARG)<\/strong><br>Arbitragem: <strong>Gustavo Tejera (URU)<\/strong><br>P\u00fablico e renda: <strong>N\u00e3o divulgado<\/strong><br>Cart\u00f5es amarelos: <strong>Botta (DYJ); Luan Peres, Lucas Ver\u00edssimo, Evandro, S\u00e1nchez (SFC).<\/strong><br>GOLS: <strong>Juan Rodr\u00edguez 45&#8217;1\u00baT (1-0), Jobson, 28&#8217;2\u00baT (1-1), Kaio Jorge 39&#8217;2\u00baT (1-2)<\/strong><br><span style=\"text-decoration: underline;\">DEFENSA Y JUSTICIA<\/span>: <strong>Unsa\u00edn; Breitenbruch, Rodr\u00edguez, Mart\u00ednez e Ben\u00edtez; Mainero 9Fernando M\u00e1rquez, 32&#8217;\/2\u00baT), Acevedo, Pizzini, Neri Cardozo (Ojeda, 23&#8217;\/2\u00baT) e Botta (Coacci, 32&#8217;\/2\u00baT); Lucero.<\/strong><br><strong> <\/strong>T\u00e9cnico: <strong>Hern\u00e1n Crespo.<\/strong><\/p>\n\n\n\n<p><span style=\"text-decoration: underline;\">SANTOS<\/span>: <strong>\u00c9verson; Par\u00e1, Lucas Ver\u00edssimo, Luiz Felipe (Felipe Jonatan, 39&#8217;\/2\u00baT) e Luan Peres; Diego Pituca, Carlos S\u00e1nchez e Evandro (Jobson, 11&#8217;\/2\u00baT); Soteldo, Eduardo Sasha e Yuri Alberto (Kaio Jorge, 23&#8217;\/2\u00baT).<\/strong> T\u00e9cnico: <strong>Jesualdo Ferreira.<\/strong><\/p>\n\n\n\n<figure class=\"wp-block-audio\"><audio controls src=\"http:\/\/sergiobertoldi.com\/wp-content\/uploads\/2020\/03\/WhatsApp-Audio-2020-03-03-Jesualdo-libertadores-Defencia-1.mp3\"><\/audio><figcaption>Coletiva com o t\u00e9cnico Jesualdo Ferreira<\/figcaption><\/figure>\n\n\n\n<figure class=\"wp-block-embed-twitter wp-block-embed is-type-rich is-provider-twitter\"><div class=\"wp-block-embed__wrapper\">\n<blockquote class=\"twitter-tweet\" data-width=\"550\" data-dnt=\"true\"><p lang=\"es\" dir=\"ltr\">\ud83c\udfa5 \u00a1El resumen del triunfo de <a href=\"https:\/\/twitter.com\/SantosFC?ref_src=twsrc%5Etfw\">@SantosFC<\/a> por 2-1 ante <a href=\"https:\/\/twitter.com\/ClubDefensayJus?ref_src=twsrc%5Etfw\">@ClubDefensayJus<\/a> en Buenos Aires! <a href=\"https:\/\/twitter.com\/FutbolSantander?ref_src=twsrc%5Etfw\">@FutbolSantander<\/a> <a href=\"https:\/\/t.co\/mBglWbFxiT\">pic.twitter.com\/mBglWbFxiT<\/a><\/p>&mdash; CONMEBOL Libertadores (@Libertadores) <a href=\"https:\/\/twitter.com\/Libertadores\/status\/1235019779595022336?ref_src=twsrc%5Etfw\">March 4, 2020<\/a><\/blockquote><script async src=\"https:\/\/platform.twitter.com\/widgets.js\" charset=\"utf-8\"><\/script>\n<\/div><figcaption>Acompanhe como foi a vit\u00f3ria do Santos na estr\u00e9ia da Libertadores 2020<\/figcaption><\/figure>\n\n\n\n<figure class=\"wp-block-embed-youtube wp-block-embed is-type-video is-provider-youtube wp-embed-aspect-16-9 wp-has-aspect-ratio\"><div class=\"wp-block-embed__wrapper\">\n<iframe loading=\"lazy\" title=\"DEFENSA Y JUSTICIA 1 X 2 SANTOS | BASTIDORES | LIBERTADORES (03\/03\/20)\" width=\"800\" height=\"450\" src=\"https:\/\/www.youtube.com\/embed\/iNnEq_Tp9YY?feature=oembed\" frameborder=\"0\" allow=\"accelerometer; autoplay; encrypted-media; gyroscope; picture-in-picture\" allowfullscreen><\/iframe>\n<\/div><\/figure>\n\n\n\n<figure class=\"wp-block-image size-large\"><img data-recalc-dims=\"1\" height=\"566\" width=\"800\" decoding=\"async\" src=\"https:\/\/i0.wp.com\/sergiobertoldi.com\/wp-content\/uploads\/2020\/03\/WhatsApp-Image-2020-03-04-at-07.28.18-1024x724.jpeg?resize=800%2C566\" alt=\"\" class=\"wp-image-1394\"\/><figcaption>Classifica\u00e7\u00e3o,atualizada <\/figcaption><\/figure>\n\n\n\n<p>O Santos agora desliga momentaneamente a chavinha da Ta\u00e7a\nLibertadores, e vira novamente a chavinha do Paulist\u00e3o 2020, pois recebe no\npr\u00f3ximo s\u00e1bado, \u00e0s 19h30, na Vila Belmiro, &nbsp;o Mirassol. Pela Libertadores o Santos volta a\ncampo na pr\u00f3xima semana quando na ter\u00e7a-feira, recebe o Delf\u00edn, do Equador, \u00e0s\n19h15, tamb\u00e9m na Vila Belmiro. <\/p>\n\n\n\n<p>(Cr\u00e9dito: Imagem: Ivan Storti\/Divulga\u00e7\u00e3o\/Santos FC)<br> (Cr\u00e9dito: Imagem: Tabela de Classifica\u00e7\u00e3o: Alexandre Ceolin)<\/p>\n\n\n\n<p><\/p>\n","protected":false},"excerpt":{"rendered":"<p>Al\u00f4 Na\u00e7\u00e3o Santista! Sauda\u00e7\u00f5es Alvinegras! A fase pode n\u00e3o ser boa, jogadores e Comiss\u00e3o T\u00e9cnica ainda n\u00e3o conseguiram falar a<\/p>\n","protected":false},"author":2,"featured_media":0,"comment_status":"open","ping_status":"open","sticky":false,"template":"","format":"standard","meta":{"colormag_page_container_layout":"default_layout","colormag_page_sidebar_layout":"default_layout","_jetpack_memberships_contains_paid_content":false,"footnotes":""},"categories":[12,4,10,22,16,28],"tags":[6],"class_list":["post-1386","post","type-post","status-publish","format-standard","hentry","category-analise-e-comentario","category-bastidores-do-santos-fc","category-elenco-profissional","category-entrevista-coletiva","category-resenha-do-jogo","category-taca-libertadores-da-america","tag-santos-fc"],"jetpack_featured_media_url":"","jetpack_likes_enabled":true,"jetpack_sharing_enabled":true,"_links":{"self":[{"href":"https:\/\/sergiobertoldi.com\/index.php\/wp-json\/wp\/v2\/posts\/1386","targetHints":{"allow":["GET"]}}],"collection":[{"href":"https:\/\/sergiobertoldi.com\/index.php\/wp-json\/wp\/v2\/posts"}],"about":[{"href":"https:\/\/sergiobertoldi.com\/index.php\/wp-json\/wp\/v2\/types\/post"}],"author":[{"embeddable":true,"href":"https:\/\/sergiobertoldi.com\/index.php\/wp-json\/wp\/v2\/users\/2"}],"replies":[{"embeddable":true,"href":"https:\/\/sergiobertoldi.com\/index.php\/wp-json\/wp\/v2\/comments?post=1386"}],"version-history":[{"count":3,"href":"https:\/\/sergiobertoldi.com\/index.php\/wp-json\/wp\/v2\/posts\/1386\/revisions"}],"predecessor-version":[{"id":1397,"href":"https:\/\/sergiobertoldi.com\/index.php\/wp-json\/wp\/v2\/posts\/1386\/revisions\/1397"}],"wp:attachment":[{"href":"https:\/\/sergiobertoldi.com\/index.php\/wp-json\/wp\/v2\/media?parent=1386"}],"wp:term":[{"taxonomy":"category","embeddable":true,"href":"https:\/\/sergiobertoldi.com\/index.php\/wp-json\/wp\/v2\/categories?post=1386"},{"taxonomy":"post_tag","embeddable":true,"href":"https:\/\/sergiobertoldi.com\/index.php\/wp-json\/wp\/v2\/tags?post=1386"}],"curies":[{"name":"wp","href":"https:\/\/api.w.org\/{rel}","templated":true}]}}