{"id":1358,"date":"2020-02-29T08:00:59","date_gmt":"2020-02-29T11:00:59","guid":{"rendered":"http:\/\/sergiobertoldi.com\/?p=1358"},"modified":"2020-02-29T01:20:56","modified_gmt":"2020-02-29T04:20:56","slug":"ninguem-vence-sem-marcar-gols","status":"publish","type":"post","link":"https:\/\/sergiobertoldi.com\/index.php\/2020\/02\/29\/ninguem-vence-sem-marcar-gols\/","title":{"rendered":"Ningu\u00e9m vence sem marcar gols"},"content":{"rendered":"\n<p>\u00a0\u00a0<strong><span style=\"text-decoration: underline;\">Al\u00f4 Na\u00e7\u00e3o Santista! Sauda\u00e7\u00f5es Alvinegras!<\/span><\/strong><\/p>\n\n\n\n<p>Diz\num conhecido ditado popular, que \u00e9 nos momentos dif\u00edceis e cruciais da nossa\nvida, em que separamos \u201cOs homens dos meninos\u201d.<\/p>\n\n\n\n<p>Neste S\u00e1bado \u00e0s 16h (de Bras\u00edlia), quando os jogadores do Santos subirem ao gramado do Est\u00e1dio Paulo Machado de Carvalho \u2013 Pacaembu, para disputar o Cl\u00e1ssico com o Palmeiras, partida v\u00e1lida pela oitava rodada da fase de classifica\u00e7\u00e3o do Campeonato Paulista, a press\u00e3o que alguns resultados ruins, aliados ao fraco futebol apresentado pelo time, ser\u00e1 determinante para o torcedor Santista saber se ser\u00e3o \u201cHomens\u201d, ou \u201cMeninos\u201d que vir\u00e3o para esse confronto!<br>\u00c9 claro que tal ditado, \u00e9 simb\u00f3lico, at\u00e9 porque o \u00fanico que subir\u00e1 ao gramado podendo pelo tamanho, ser confundido com um menino, \u00e9 o Soteldo! <\/p>\n\n\n\n<p>Por\u00e9m a postura que os torcedores esperam por parte dos jogadores do Santos, \u00e9 a de \u201cHomens\u201d, que tem consci\u00eancia da dimens\u00e3o da grandeza da camisa que vestem! \u00a0\u00a0<br>Vindo de um empate com a Ferrovi\u00e1ria em Araraquara, e uma derrota para o Ituano em Itu, o Santos precisa come\u00e7ar a mostrar alguma evolu\u00e7\u00e3o no futebol que vem jogando, ainda mais porque a cada partida disputada, a desculpa de que o treinador \u00e9 novo, e que o elenco ainda est\u00e1 se adaptando a uma mudan\u00e7a de metodologia de trabalho, vai perdendo sentido! <br>Afinal de contas, Santos e Jesualdo j\u00e1 trabalham juntos a praticamente dois meses, e nesse per\u00edodo, sete jogos j\u00e1 foram disputados!<\/p>\n\n\n\n<p>Se quiser sonhar com uma vit\u00f3ria convincente, e que passe ao torcedor santista a certeza de que finalmente uma evolu\u00e7\u00e3o pode ser esperada, um dos principais setores do time santista, o que o fez ficar mundialmente conhecido, tem que voltar a funcionar!<br>N\u00e3o \u00e9 poss\u00edvel, que o clube que det\u00e9m o recorde de time que mais gols j\u00e1 marcou na hist\u00f3ria do futebol mundial, 12.619 at\u00e9 o momento, nessa temporada tenha marcado apenas seis gols em sete jogos, menos de 1 gol por partida!<\/p>\n\n\n\n<p>A equipe precisa de uma evolu\u00e7\u00e3o em todos os setores, mas se o ataque n\u00e3o marca gols, as vit\u00f3rias que s\u00e3o t\u00e3o importantes para dar tranquilidade ao trabalho que precisa realizar, n\u00e3o acontecem e a inseguran\u00e7a e falta de confian\u00e7a, passam a dominar o elenco!<br>Para tentar barrar o Palmeiras, e consequentemente espantar um come\u00e7o de crise que fatalmente resultaria em uma demiss\u00e3o, mesmo com o presidente do clube afirmando em um programa de Esportes de uma emissora da Capital, que vai segura-lo at\u00e9 onde seu limite permitir, o t\u00e9cnico Jesualdo Ferreira provavelmente mande a campo, o Santos com uma forma\u00e7\u00e3o que n\u00e3o deve fugir muito disso: <strong>Everson; Par\u00e1 (Madson), Lucas Ver\u00edssimo, Luan Peres e Felipe Jonatan; Alison, Diego Pituca (Jean Mota), e Carlos S\u00e1nchez; Yuri Alberto (Raniel), Eduardo Sasha e Soteldo.<\/strong><\/p>\n\n\n\n<p>O Lateral esquerdo Felipe Jonatan, jogador escolhido para a entrevista coletiva ap\u00f3s os \u00faltimos trabalhos, falou sobre o DNA ofensivo do Santos.<br>\u201cSabemos da perspectiva que a partida pode dar. Infelizmente vivemos um mal momento, mas tudo pode mudar. O foco \u00e9 colocar o DNA ofensivo do Santos\u201d, completou.<\/p>\n\n\n\n<figure class=\"wp-block-embed-youtube wp-block-embed is-type-video is-provider-youtube wp-embed-aspect-16-9 wp-has-aspect-ratio\"><div class=\"wp-block-embed__wrapper\">\n<iframe loading=\"lazy\" title=\"FELIPE JONATAN | COLETIVA AO VIVO (28\/02\/20)\" width=\"800\" height=\"450\" src=\"https:\/\/www.youtube.com\/embed\/BX4jhqwniV0?feature=oembed\" frameborder=\"0\" allow=\"accelerometer; autoplay; encrypted-media; gyroscope; picture-in-picture\" allowfullscreen><\/iframe>\n<\/div><\/figure>\n\n\n\n<p><strong><span style=\"text-decoration: underline;\">Retrospecto<\/span><\/strong><\/p>\n\n\n\n<p><strong>Santos<\/strong> e <strong>S.E.Palmeiras <\/strong>\u00a0j\u00e1 se enfrentaram <strong>327 vezes<\/strong> ao longo da hist\u00f3ria.<br>Foram <strong>105<\/strong> <strong>vit\u00f3rias <\/strong>do Santos, contra <strong>137<\/strong> <strong>vit\u00f3rias<\/strong> do Palmeiras e <strong>85<\/strong> <strong>empates<\/strong>. <br>O Peixe marcou <strong>471<\/strong> <strong>gols <\/strong>e sofreu <strong>557<\/strong> <strong>Saldo<\/strong> de <strong>-86<\/strong><\/p>\n\n\n\n<p>Em <strong><span style=\"text-decoration: underline;\">Campeonatos Paulistas<\/span>\u00a0 <\/strong>\u00a0Desde o primeiro confronto, foram <strong>191<\/strong> <strong>jogos<\/strong>, com <strong>54<\/strong> <strong>vit\u00f3rias<\/strong> do Santos, contra <strong>93<\/strong> <strong>vit\u00f3rias <\/strong>do Palmeiras e <strong>44<\/strong> <strong>empates<\/strong>. O time da Baixada Santista marcou <strong>253<\/strong> <strong>gols<\/strong> e sofreu <strong>338<\/strong>.<\/p>\n\n\n\n<p>No \u00faltimo confronto, v\u00e1lido pelo <strong><span style=\"text-decoration: underline;\">Campeonato Paulista<\/span><\/strong>\u00a0 de <strong>2019<\/strong>, a partida terminou com (empate) pelo placar de 0X0 o jogo foi realizado no (Alianz Park)<\/p>\n\n\n\n<p>(Cr\u00e9dito:\nImagem: Ivan Storti\/Santos FC)<\/p>\n","protected":false},"excerpt":{"rendered":"<p>\u00a0\u00a0Al\u00f4 Na\u00e7\u00e3o Santista! Sauda\u00e7\u00f5es Alvinegras! Diz um conhecido ditado popular, que \u00e9 nos momentos dif\u00edceis e cruciais da nossa vida,<\/p>\n","protected":false},"author":2,"featured_media":0,"comment_status":"open","ping_status":"open","sticky":false,"template":"","format":"standard","meta":{"colormag_page_container_layout":"default_layout","colormag_page_sidebar_layout":"default_layout","_jetpack_memberships_contains_paid_content":false,"footnotes":""},"categories":[12,4,25,10,22,17],"tags":[6],"class_list":["post-1358","post","type-post","status-publish","format-standard","hentry","category-analise-e-comentario","category-bastidores-do-santos-fc","category-campeonato-paulista","category-elenco-profissional","category-entrevista-coletiva","category-pre-jogo","tag-santos-fc"],"jetpack_featured_media_url":"","jetpack_likes_enabled":true,"jetpack_sharing_enabled":true,"_links":{"self":[{"href":"https:\/\/sergiobertoldi.com\/index.php\/wp-json\/wp\/v2\/posts\/1358","targetHints":{"allow":["GET"]}}],"collection":[{"href":"https:\/\/sergiobertoldi.com\/index.php\/wp-json\/wp\/v2\/posts"}],"about":[{"href":"https:\/\/sergiobertoldi.com\/index.php\/wp-json\/wp\/v2\/types\/post"}],"author":[{"embeddable":true,"href":"https:\/\/sergiobertoldi.com\/index.php\/wp-json\/wp\/v2\/users\/2"}],"replies":[{"embeddable":true,"href":"https:\/\/sergiobertoldi.com\/index.php\/wp-json\/wp\/v2\/comments?post=1358"}],"version-history":[{"count":2,"href":"https:\/\/sergiobertoldi.com\/index.php\/wp-json\/wp\/v2\/posts\/1358\/revisions"}],"predecessor-version":[{"id":1361,"href":"https:\/\/sergiobertoldi.com\/index.php\/wp-json\/wp\/v2\/posts\/1358\/revisions\/1361"}],"wp:attachment":[{"href":"https:\/\/sergiobertoldi.com\/index.php\/wp-json\/wp\/v2\/media?parent=1358"}],"wp:term":[{"taxonomy":"category","embeddable":true,"href":"https:\/\/sergiobertoldi.com\/index.php\/wp-json\/wp\/v2\/categories?post=1358"},{"taxonomy":"post_tag","embeddable":true,"href":"https:\/\/sergiobertoldi.com\/index.php\/wp-json\/wp\/v2\/tags?post=1358"}],"curies":[{"name":"wp","href":"https:\/\/api.w.org\/{rel}","templated":true}]}}