{"id":1350,"date":"2020-02-28T08:00:31","date_gmt":"2020-02-28T11:00:31","guid":{"rendered":"http:\/\/sergiobertoldi.com\/?p=1350"},"modified":"2020-02-28T01:12:33","modified_gmt":"2020-02-28T04:12:33","slug":"ultimos-ajustes","status":"publish","type":"post","link":"https:\/\/sergiobertoldi.com\/index.php\/2020\/02\/28\/ultimos-ajustes\/","title":{"rendered":"\u00daltimos Ajustes"},"content":{"rendered":"\n<p><strong><span style=\"text-decoration: underline;\">Al\u00f4 Na\u00e7\u00e3o Santista! Sauda\u00e7\u00f5es Alvinegras!<\/span><\/strong><\/p>\n\n\n\n<p>O\nSantos volta a campo neste s\u00e1bado 29, \u00e0s 16h00, no Est\u00e1dio Municipal Paulo\nMachado de Carvalho Pacaembu S\u00e3o Paulo, para disputar o cl\u00e1ssico contra o\nPalmeiras, partida v\u00e1lida pela 8\u00aa rodada do Campeonato Paulista 2020.<\/p>\n\n\n\n<p>A Partida contra o Palmeiras, pode significar um divisor de \u00e1guas na temporada Santista!<br>N\u00e3o \u00e9 segredo para ningu\u00e9m, que ap\u00f3s o empate com a Ferrovi\u00e1ria, pior apresenta\u00e7\u00e3o do Santos na temporada, houve uma reuni\u00e3o envolvendo a alta C\u00fapula diretiva do Santos, os membros da Comiss\u00e3o T\u00e9cnica e Jogadores, reuni\u00e3o tipo (Lavar roupa suja), onde apesar dos Dirigentes n\u00e3o terem estipulado uma rodada ou uma data espec\u00edfica para uma mudan\u00e7a de futebol, postura e atitude, ficou impl\u00edcito que se n\u00e3o houvesse uma melhora significativa no que foi apresentado at\u00e9 agora, mudan\u00e7as (Troca de comando), poderiam acontecer! Embora at\u00e9 ent\u00e3o, n\u00e3o fosse de conhecimento nem da imprensa, nem da torcida, que no contrato do treinador Jesualdo Ferreira e da Comiss\u00e3o T\u00e9cnica, houvesse uma cl\u00e1usula com uma multa contratual, maior do que a multa do ex treinador Jorge Sampaoli. <\/p>\n\n\n\n<p>Portanto, pela pr\u00f3pria dificuldade financeira pela qual passa o clube, talvez o Treinador e sua Comiss\u00e3o T\u00e9cnica ganhem uma sobrevida, mesmo com a continua\u00e7\u00e3o da bolinha min\u00fascula que o time vem jogando!<br>Se algo vai mudar no futebol apresentado dentro de campo, isso s\u00f3 o tempo dir\u00e1!<br>Por\u00e9m n\u00e3o se pode dizer que fora dele, (Campo), o treinador n\u00e3o esteja tentando alternativas para reverter a situa\u00e7\u00e3o!<\/p>\n\n\n\n<p>A semana de treinamentos que come\u00e7ou sob muita press\u00e3o, parece ter feito o treinador Santista detectar algumas pe\u00e7as que em seu entendimento, n\u00e3o est\u00e3o conseguindo render o esperado, e por conta disso o Santos poder\u00e1 ter algumas novidades na escala\u00e7\u00e3o j\u00e1 no cl\u00e1ssico com o Palmeiras!<br>Jesualdo pode testar altera\u00e7\u00f5es em tr\u00eas posi\u00e7\u00f5es!<br>No meio de campo, Diego Pituca pode dar lugar ao meia Jean Mota, no ataque Eduardo Sasha pode dar lugar a Raniel que disputa uma vaga com Yuri Alberto, e Madson pode fazer sua estreia na lateral direita no lugar do Par\u00e1<\/p>\n\n\n\n<p>O atacante Raniel que ao lado do lateral direito Madson, foi um dos dois \u00fanicos refor\u00e7os do Santos para a temporada, realizou at\u00e9 aqui: Seis jogos com a camisa do Santos, sendo cinco como titular, e marcou dois gols.<br>Yuri Alberto, o mais velho e experiente de todos os garotos da base, pode ganhar sua primeira oportunidade para mostrar ao t\u00e9cnico Jesualdo, que pode ser o camisa 9 do ataque Santista, enquanto Madson pode estrear e confirmar o porqu\u00ea foi contratado para substituir a perda do lateral Vitor Ferraz! <br>E finalmente com rela\u00e7\u00e3o a Jean Mota, velho conhecido da torcida, a aposta do treinador \u00e9 que a qualidade t\u00e9cnica do jogador, possa ser o que falta na arma\u00e7\u00e3o de jogadas que tem faltado no meio campo Santista.<\/p>\n\n\n\n<p>Embora essas altera\u00e7\u00f5es possam ser testadas no cl\u00e1ssico com o Palmeiras, no primeiro coletivo realizado ontem quinta-feira, o t\u00e9cnico Jesualdo foi mais econ\u00f4mico e promoveu apenas uma mudan\u00e7a: A entrada do atacante Yuri Alberto, que inclusive vive uma situa\u00e7\u00e3o curiosa, pois sem uma defini\u00e7\u00e3o sobre sua renova\u00e7\u00e3o de contrato, j\u00e1 pode assinar um pr\u00e9 contrato com qualquer equipe!<br>No coletivo, a equipe que treinou como titular, foi a campo com: Everson; Par\u00e1, Lucas Ver\u00edssimo, Luan Peres e Felipe Jonatan; Alison, Diego Pituca e Carlos S\u00e1nchez; Yuri Alberto, Eduardo Sasha e Soteldo. <\/p>\n\n\n\n<figure class=\"wp-block-embed-youtube wp-block-embed is-type-video is-provider-youtube wp-embed-aspect-16-9 wp-has-aspect-ratio\"><div class=\"wp-block-embed__wrapper\">\n<iframe loading=\"lazy\" title=\"SANTOS SE PREPARA PARA O CL\u00c1SSICO NO PACAEMBU | DE OLHO NO TREINO (27\/02\/20)\" width=\"800\" height=\"450\" src=\"https:\/\/www.youtube.com\/embed\/dkw51Qyz8wI?feature=oembed\" frameborder=\"0\" allow=\"accelerometer; autoplay; encrypted-media; gyroscope; picture-in-picture\" allowfullscreen><\/iframe>\n<\/div><\/figure>\n\n\n\n<p>O\nzagueiro Luan Peres, escolhido para a coletiva com a imprensa, destacou os\ntrabalhos realizados na semana, visando n\u00e3o s\u00f3 o cl\u00e1ssico deste S\u00e1bado, mas\ntamb\u00e9m a estreia do time na Libertadores.<\/p>\n\n\n\n<figure class=\"wp-block-embed-youtube wp-block-embed is-type-video is-provider-youtube wp-embed-aspect-16-9 wp-has-aspect-ratio\"><div class=\"wp-block-embed__wrapper\">\n<iframe loading=\"lazy\" title=\"LUAN PERES | COLETIVA AO VIVO (27\/02\/20)\" width=\"800\" height=\"450\" src=\"https:\/\/www.youtube.com\/embed\/Pem-H9LffmQ?feature=oembed\" frameborder=\"0\" allow=\"accelerometer; autoplay; encrypted-media; gyroscope; picture-in-picture\" allowfullscreen><\/iframe>\n<\/div><\/figure>\n\n\n\n<p>A\nZaga do Santos, que no momento conta com cinco atletas: Lucas Ver\u00edssimo, Luan\nPeres, Luiz Felipe, Wagner Leonardo e Alex, pode estar ganhando em breve, o\nretorno de seu \u201dSexto Elemento\u201d<\/p>\n\n\n\n<figure class=\"wp-block-image size-large\"><img data-recalc-dims=\"1\" decoding=\"async\" src=\"https:\/\/i0.wp.com\/sergiobertoldi.com\/wp-content\/uploads\/2020\/02\/49593109098_4b7e469a25_c.jpg?w=800\" alt=\"\" class=\"wp-image-1351\"\/><figcaption>Ao centro entre os companheiros o Zagueiro Felipe Aguilar<\/figcaption><\/figure>\n\n\n\n<p>Felipe\nAguilar, que sofreu um edema no joelho direito, les\u00e3o ocorrida durante a\npr\u00e9-temporada, encontra-se em fase final de recupera\u00e7\u00e3o, e inclusive j\u00e1 voltou a\ntrabalhar com bola e vem realizando trabalhos no Santos B para readquirir ritmo\nde jogo.<\/p>\n\n\n\n<p>Atualizando as informa\u00e7\u00f5es do Departamento M\u00e9dico do Santos, o atacante Marinho que sofreu uma fratura no tornozelo esquerdo, logo na primeira rodada do Paulist\u00e3o 2020, dia 23 de Janeiro, ainda deve demorar um pouco para iniciar sua transi\u00e7\u00e3o do CEPRAF para come\u00e7ar a voltar a trabalhar com bola. <br>Para se ter uma ideia, somente neste \u00faltimo domingo, 30 dias ap\u00f3s a fratura, foi que o atacante tirou a bota de prote\u00e7\u00e3o que vinha utilizando para consolidar a recupera\u00e7\u00e3o da fratura. Vamos lembrar que o diagn\u00f3stico inicial, previa um per\u00edodo de recupera\u00e7\u00e3o entre quatro a seis semanas. Portanto dentro do cronograma estabelecido pelos Ortopedistas do Santos, ainda faltariam 15 dias para o retorno do jogador! <br>Apesar de todos os esfor\u00e7os e dedica\u00e7\u00e3o do atacante para se recuperar o mais breve poss\u00edvel, Marinho ainda permanece como duvida para os dois primeiros jogos da fase de grupo da Libertadores, no dia 3 de mar\u00e7o contra o Defensa y Justicia na Argentina, e no dia 10 contra o Delf\u00edn na Vila.<\/p>\n\n\n\n<p>Para finalizar as informa\u00e7\u00f5es do Peixe, acreditem se quiserem:<br>Recorde de reprises ao lado de sucessos como:<br><strong>A Vov\u00f3zona<\/strong><br><strong>Lagoa Azul<\/strong><br><strong>As Branquelas<\/strong><br><strong>As g\u00eameas<\/strong><br><strong>Esqueceram de Mim<\/strong> <br><strong>A  Rena do nariz vermelho <\/strong><br><strong>Homens de Preto<\/strong><br><strong>Ben-Hur<\/strong><br><strong>Independence Day<\/strong><br>A novela \u201c<strong>Robinho<\/strong>\u201d, parece estar de volta!<br>Em breve, melhores detalhes!<\/p>\n\n\n\n<div class=\"wp-block-image\"><figure class=\"aligncenter size-large is-resized\"><img data-recalc-dims=\"1\" loading=\"lazy\" decoding=\"async\" src=\"https:\/\/i0.wp.com\/sergiobertoldi.com\/wp-content\/uploads\/2020\/02\/12154.jpg?resize=536%2C355\" alt=\"\" class=\"wp-image-1352\" width=\"536\" height=\"355\"\/><figcaption>Robinho de volta. Ser\u00e1?<\/figcaption><\/figure><\/div>\n\n\n\n<p>(Cr\u00e9dito: Imagem: Ivan Storti\/Divulga\u00e7\u00e3o\/Santos FC)<\/p>\n","protected":false},"excerpt":{"rendered":"<p>Al\u00f4 Na\u00e7\u00e3o Santista! Sauda\u00e7\u00f5es Alvinegras! O Santos volta a campo neste s\u00e1bado 29, \u00e0s 16h00, no Est\u00e1dio Municipal Paulo Machado<\/p>\n","protected":false},"author":2,"featured_media":0,"comment_status":"open","ping_status":"open","sticky":false,"template":"","format":"standard","meta":{"colormag_page_container_layout":"default_layout","colormag_page_sidebar_layout":"default_layout","_jetpack_memberships_contains_paid_content":false,"footnotes":""},"categories":[12,4,25,10,22],"tags":[6],"class_list":["post-1350","post","type-post","status-publish","format-standard","hentry","category-analise-e-comentario","category-bastidores-do-santos-fc","category-campeonato-paulista","category-elenco-profissional","category-entrevista-coletiva","tag-santos-fc"],"jetpack_featured_media_url":"","jetpack_likes_enabled":true,"jetpack_sharing_enabled":true,"_links":{"self":[{"href":"https:\/\/sergiobertoldi.com\/index.php\/wp-json\/wp\/v2\/posts\/1350","targetHints":{"allow":["GET"]}}],"collection":[{"href":"https:\/\/sergiobertoldi.com\/index.php\/wp-json\/wp\/v2\/posts"}],"about":[{"href":"https:\/\/sergiobertoldi.com\/index.php\/wp-json\/wp\/v2\/types\/post"}],"author":[{"embeddable":true,"href":"https:\/\/sergiobertoldi.com\/index.php\/wp-json\/wp\/v2\/users\/2"}],"replies":[{"embeddable":true,"href":"https:\/\/sergiobertoldi.com\/index.php\/wp-json\/wp\/v2\/comments?post=1350"}],"version-history":[{"count":3,"href":"https:\/\/sergiobertoldi.com\/index.php\/wp-json\/wp\/v2\/posts\/1350\/revisions"}],"predecessor-version":[{"id":1357,"href":"https:\/\/sergiobertoldi.com\/index.php\/wp-json\/wp\/v2\/posts\/1350\/revisions\/1357"}],"wp:attachment":[{"href":"https:\/\/sergiobertoldi.com\/index.php\/wp-json\/wp\/v2\/media?parent=1350"}],"wp:term":[{"taxonomy":"category","embeddable":true,"href":"https:\/\/sergiobertoldi.com\/index.php\/wp-json\/wp\/v2\/categories?post=1350"},{"taxonomy":"post_tag","embeddable":true,"href":"https:\/\/sergiobertoldi.com\/index.php\/wp-json\/wp\/v2\/tags?post=1350"}],"curies":[{"name":"wp","href":"https:\/\/api.w.org\/{rel}","templated":true}]}}