{"id":1305,"date":"2020-02-16T08:00:00","date_gmt":"2020-02-16T11:00:00","guid":{"rendered":"http:\/\/sergiobertoldi.com\/?p=1305"},"modified":"2020-02-16T00:14:16","modified_gmt":"2020-02-16T03:14:16","slug":"contra-a-ferroviaria-santos-busca-segunda-vitoria-fora-de-casa","status":"publish","type":"post","link":"https:\/\/sergiobertoldi.com\/index.php\/2020\/02\/16\/contra-a-ferroviaria-santos-busca-segunda-vitoria-fora-de-casa\/","title":{"rendered":"Contra a Ferrovi\u00e1ria Santos busca segunda vit\u00f3ria fora de casa"},"content":{"rendered":"\n<p>\u00a0\u00a0\u00a0\u00a0\u00a0\u00a0\u00a0\u00a0\u00a0 <strong><span style=\"text-decoration: underline;\">Al\u00f4 Na\u00e7\u00e3o Santista! Sauda\u00e7\u00f5es Alvinegras!<\/span><\/strong><\/p>\n\n\n\n<p>Manter a lideran\u00e7a do grupo A.<br>\u00c9 com esse objetivo que o Santos que mantem a lideran\u00e7a de seu grupo, com dez pontos conquistados, volta a campo neste domingo (16), logo mais \u00e0s 19 horas, para enfrentar a Ferrovi\u00e1ria, em Araraquara, no Est\u00e1dio Doutor Adhemar de Barros, tamb\u00e9m denominado Est\u00e1dio da Fonte Luminosa, em partida v\u00e1lida pela sexta rodada do Paulist\u00e3o 2020. <\/p>\n\n\n\n<p>Com\npouco mais de um m\u00eas trabalhando no Futebol Brasileiro, sua primeira\nexperi\u00eancia no Brasil, em d\u00e9cadas de carreira, o t\u00e9cnico Portugu\u00eas Jesualdo\nFerreira vai se adaptando ao sempre apertado calend\u00e1rio Brasileiro, e\naproveitando as raras oportunidades, como as duas ultimas semanas em que teve\ntempo para treinar melhor o time!<\/p>\n\n\n\n<p>Em busca de conhecer melhor seus pr\u00f3prios jogadores, Jesualdo tem promovido algumas entradas no time, utilizando principalmente nos treinos, jogadores com os quais ele possa contar ao longo da temporada!<br>Jogadores como Arthur Gomes, Kaio Jorge, Jobson, Lucas Venuto, Lucas Louren\u00e7o, e alguns garotos que se destacaram na Copinha S\u00e3o Paulo, em breve dever\u00e3o ganhar uma oportunidade! <br>Estes testes s\u00e3o importantes pois em breve, o treinador Santista ter\u00e1 que ter certeza sobre com quais jogadores do elenco, poder\u00e1 contar para inscrever na Ta\u00e7a Libertadores! <\/p>\n\n\n\n<p>Kaio Jorge que em entrevista coletiva, fala de sua expectativa em se firmar como titular da equipe, afirma que \u00e9 centroavante de origem, mas n\u00e3o v\u00ea problemas em atuar pelas pontas, al\u00e9m de comentar sobre o desenvolvimento do grupo que aos pouco vai se adaptando ao novo treinador e a nova metodologia de trabalho!<\/p>\n\n\n\n<figure class=\"wp-block-embed-youtube wp-block-embed is-type-video is-provider-youtube wp-embed-aspect-16-9 wp-has-aspect-ratio\"><div class=\"wp-block-embed__wrapper\">\n<iframe loading=\"lazy\" title=\"KAIO JORGE | COLETIVA AO VIVO (14\/02\/20)\" width=\"800\" height=\"450\" src=\"https:\/\/www.youtube.com\/embed\/kF_rVVf8-cw?feature=oembed\" frameborder=\"0\" allow=\"accelerometer; autoplay; encrypted-media; gyroscope; picture-in-picture\" allowfullscreen><\/iframe>\n<\/div><figcaption>Entrevista coletiva<\/figcaption><\/figure>\n\n\n\n<p>Por\u00e9m para o compromisso deste Domingo na Fonte Luminosa, o treinador Santista n\u00e3o deve fazer grandes mudan\u00e7as no time!<br>As \u00fanicas novidades em rela\u00e7\u00e3o a equipe que venceu o Botafogo-SP no \u00faltimo compromisso realizado na Vila Belmiro, podem ser as presen\u00e7as do \u00a0zagueiro Lucas Ver\u00edssimo e o do lateral Madson, ambos recuperados de contus\u00e3o, e liberados pelo Departamento M\u00e9dico, e que j\u00e1 est\u00e3o \u00e0 disposi\u00e7\u00e3o para figurarem no m\u00ednimo entre os relacionados para a partida!<\/p>\n\n\n\n<p>Na meta Santista, Everson e Vladimir disputam a vaga.<br>De volta ao Santos ap\u00f3s um ano em que atuou por empr\u00e9stimo no Ava\u00ed de Santa Catarina, Vladimir retornou ao Alvinegro Praiano e teve uma atua\u00e7\u00e3o bastante segura em sua reestreia contra o Botafogo-SP.<\/p>\n\n\n\n<p>Dos jogadores que formavam o time titular em 2019, tirando o Lateral Direito Victor Ferraz, e o Quarto-Zagueiro Gustavo Henrique, que deixaram o clube, o \u00fanico jogador da campanha do vice Campeonato Brasileiro, que ainda est\u00e1 fora do time, \u00e9 o ponta de lan\u00e7a Marinho, que continua em processo de recupera\u00e7\u00e3o de uma fratura no p\u00e9.<br>Marinho tem previs\u00e3o de ser liberado pelo DM para iniciar sua transi\u00e7\u00e3o para retornar os trabalhos em campo, no m\u00ednimo daqui uns 20 dias!<br>Mais uns 10 dias para recuperar a forma f\u00edsica, podemos projetar seu retorno para a segunda partida do Santos na Libertadores!<br>Jesualdo Ferreira sabe da import\u00e2ncia e da falta que o jogador faz ao time!<br>S\u00f3 para lembrar, Marinho foi um dos principais jogadores do setor ofensivo santista, ao lado dos companheiros Eduardo Sasha e Soteldo.<br>O atacante atuou em 40 partidas, balan\u00e7ando as redes advers\u00e1rias 12 vezes, m\u00e9dia de 0,30 gol por jogo. <\/p>\n\n\n\n<figure class=\"wp-block-image size-large is-resized\"><img data-recalc-dims=\"1\" loading=\"lazy\" decoding=\"async\" src=\"https:\/\/i0.wp.com\/sergiobertoldi.com\/wp-content\/uploads\/2020\/02\/1564941709609-1024x1024.jpg?resize=512%2C512\" alt=\"\" class=\"wp-image-1306\" width=\"512\" height=\"512\"\/><figcaption>Marinho comemorando um de seus Mini M\u00edsseis Aleat\u00f3rios<\/figcaption><\/figure>\n\n\n\n<p>Desta maneira, o 11 Santista que deve ir \u00e0 campo logo mais na Fonte Luminosa, vai com: <strong>Everson; Par\u00e1 (Madson), Luiz Felipe (Lucas Ver\u00edssimo), Luan Peres e Felipe Jonatan; Alison, Diego Pituca e Carlos S\u00e1nchez; Raniel, Eduardo Sasha e Soteldo.<\/strong><\/p>\n\n\n\n<p><strong><span style=\"text-decoration: underline;\">Retrospecto<\/span><\/strong><\/p>\n\n\n\n<p><strong>Santos<\/strong> e <strong>Ferrovi\u00e1ria <\/strong>\u00a0j\u00e1 se enfrentaram <strong>74 vezes<\/strong> ao longo da hist\u00f3ria.<br>Foram <strong>40<\/strong> <strong>vit\u00f3rias <\/strong>do Santos, contra <strong>15<\/strong> <strong>vit\u00f3rias<\/strong> da Ferrovi\u00e1ria e <strong>19<\/strong> <strong>empates<\/strong>. <br>O Peixe marcou <strong>137<\/strong> <strong>gols <\/strong>e sofreu <strong>76<\/strong> <strong>Saldo<\/strong> de <strong>+61<\/strong><\/p>\n\n\n\n<p>Em <strong>Campeonatos\nPaulistas&nbsp; <\/strong>&nbsp;Desde o primeiro\nconfronto, foram <strong>72<\/strong> <strong>jogos<\/strong>, com <strong>38<\/strong> <strong>vit\u00f3rias<\/strong>\ndo\nSantos, contra <strong>15<\/strong> <strong>vit\u00f3rias\n<\/strong>da\nFerrovi\u00e1ria e <strong>19<\/strong> <strong>empates<\/strong>.\nO\ntime da Baixada Santista marcou <strong>129<\/strong> <strong>gols<\/strong> e sofreu <strong>74<\/strong>.<\/p>\n\n\n\n<p>No \u00faltimo confronto, v\u00e1lido pelo <strong>Campeonato Paulista<\/strong>\u00a0 de <strong>2019<\/strong>, a partida terminou com (Vit\u00f3ria do Santos) pelo placar de 1X0 o jogo foi realizado na (Vila Belmiro)<\/p>\n\n\n\n<p><br>(Cr\u00e9dito: Imagem: Tet\u00ea Viviani e Assessoria\/AFE)<\/p>\n","protected":false},"excerpt":{"rendered":"<p>\u00a0\u00a0\u00a0\u00a0\u00a0\u00a0\u00a0\u00a0\u00a0 Al\u00f4 Na\u00e7\u00e3o Santista! Sauda\u00e7\u00f5es Alvinegras! Manter a lideran\u00e7a do grupo A.\u00c9 com esse objetivo que o Santos que mantem<\/p>\n","protected":false},"author":2,"featured_media":0,"comment_status":"open","ping_status":"open","sticky":false,"template":"","format":"standard","meta":{"colormag_page_container_layout":"default_layout","colormag_page_sidebar_layout":"default_layout","_jetpack_memberships_contains_paid_content":false,"footnotes":""},"categories":[12,4,25,22,17],"tags":[6],"class_list":["post-1305","post","type-post","status-publish","format-standard","hentry","category-analise-e-comentario","category-bastidores-do-santos-fc","category-campeonato-paulista","category-entrevista-coletiva","category-pre-jogo","tag-santos-fc"],"jetpack_featured_media_url":"","jetpack_likes_enabled":true,"jetpack_sharing_enabled":true,"_links":{"self":[{"href":"https:\/\/sergiobertoldi.com\/index.php\/wp-json\/wp\/v2\/posts\/1305","targetHints":{"allow":["GET"]}}],"collection":[{"href":"https:\/\/sergiobertoldi.com\/index.php\/wp-json\/wp\/v2\/posts"}],"about":[{"href":"https:\/\/sergiobertoldi.com\/index.php\/wp-json\/wp\/v2\/types\/post"}],"author":[{"embeddable":true,"href":"https:\/\/sergiobertoldi.com\/index.php\/wp-json\/wp\/v2\/users\/2"}],"replies":[{"embeddable":true,"href":"https:\/\/sergiobertoldi.com\/index.php\/wp-json\/wp\/v2\/comments?post=1305"}],"version-history":[{"count":1,"href":"https:\/\/sergiobertoldi.com\/index.php\/wp-json\/wp\/v2\/posts\/1305\/revisions"}],"predecessor-version":[{"id":1308,"href":"https:\/\/sergiobertoldi.com\/index.php\/wp-json\/wp\/v2\/posts\/1305\/revisions\/1308"}],"wp:attachment":[{"href":"https:\/\/sergiobertoldi.com\/index.php\/wp-json\/wp\/v2\/media?parent=1305"}],"wp:term":[{"taxonomy":"category","embeddable":true,"href":"https:\/\/sergiobertoldi.com\/index.php\/wp-json\/wp\/v2\/categories?post=1305"},{"taxonomy":"post_tag","embeddable":true,"href":"https:\/\/sergiobertoldi.com\/index.php\/wp-json\/wp\/v2\/tags?post=1305"}],"curies":[{"name":"wp","href":"https:\/\/api.w.org\/{rel}","templated":true}]}}