{"id":1074,"date":"2020-01-23T08:00:00","date_gmt":"2020-01-23T11:00:00","guid":{"rendered":"http:\/\/sergiobertoldi.com\/?p=1074"},"modified":"2020-01-23T08:47:04","modified_gmt":"2020-01-23T11:47:04","slug":"acabou-a-espera","status":"publish","type":"post","link":"https:\/\/sergiobertoldi.com\/index.php\/2020\/01\/23\/acabou-a-espera\/","title":{"rendered":"Acabou a Espera"},"content":{"rendered":"\n<p><strong><span style=\"text-decoration: underline;\">Al\u00f4 Na\u00e7\u00e3o Santista! Sauda\u00e7\u00f5es Alvinegras!<\/span><\/strong><\/p>\n\n\n\n<p>Demorou que pareceu uma eternidade!<br>Nem os jogos da Copinha S\u00e3o Paulo de Juniores, uma esp\u00e9cie de \u201cAperitivo\u201d para a temporada do Futebol Brasileiro, foram capazes de aplacar a saudade que o torcedor Santista, estava de ver o \u201cManto\u201d desfilando novamente em campo!<\/p>\n\n\n\n<p>Se ficar mais de um m\u00eas sem ver seu time do Cora\u00e7\u00e3o entrar em campo, j\u00e1 \u00e9 uma tortura para um torcedor comum, imagine ent\u00e3o como \u00e9 duro para os Santistas, que terminaram 2019 assistindo um Show com direito a Ol\u00e9 e tudo, quando na mesma Vila Belmiro em que estreia hoje pelo Paulist\u00e3o 2020, aplicou uma goleada sem d\u00f3 no Campe\u00e3o Brasileiro?<\/p>\n\n\n\n<p>Pois \u00e9 meus amigos! Enfim a espera acabou, e como diziam meus colegas Radialistas mais antigos: \u201cHoje todos os Caminhos levam \u00e0 Vila Belmiro\u201d<br>O Santos entra em campo nesta quinta-feira (23), logo mais \u00e0s 19h15, (de Bras\u00edlia), &nbsp;quando recebe na Vila Belmiro em confronto v\u00e1lido pela 01\u00aa rodada do Campeonato Paulista 2020, a equipe do Red Bull-Bragantino.<\/p>\n\n\n\n<p>Conforme as horas v\u00e3o passando e o hor\u00e1rio da partida vai se aproximando, aumenta a expectativa e a ansiedade do torcedor Santista!<br>Ansiedade e expectativa, por enfim, poder ter uma ideia do que esperar desse Santos vers\u00e3o 2020, treinado por um T\u00e9cnico at\u00e9 ent\u00e3o, bastante desconhecido do torcedor Brasileiro, de quem ainda n\u00e3o se sabe muito o que esperar!<br>Um Santos com algumas caras novas mas que tamb\u00e9m se despediu de algumas caras bem \u201cManjadas\u201d pelo torcedor Santista!<br>A Vila Belmiro dever\u00e1 receber  um bom p\u00fablico  na noite desta quinta-feira, visto que: 9.500 ingressos j\u00e1 haviam sido vendidos at\u00e9 a noite de quarta-feira. <\/p>\n\n\n\n<p>Embora tenha tido menos de duas semanas para preparar o time para o inicio do Campeonato Paulista, o t\u00e9cnico Jesualdo Ferreira demonstra confian\u00e7a em uma boa apresenta\u00e7\u00e3o de seus comandados, ressaltando que n\u00e3o pensa apenas na vit\u00f3ria, mas em realizar uma boa partida!<br>&#8220;<strong><em>Estamos preocupados em jogar bem, porque quem joga bem tem possibilidade de ganhar, a equipe tem chance ser atrativa e as pessoas gostar\u00e3o de assistir os jogos. Todos os jogadores t\u00eam de estar empenhados<\/em><\/strong>\u201d.<\/p>\n\n\n\n<figure class=\"wp-block-embed-youtube wp-block-embed is-type-video is-provider-youtube wp-embed-aspect-16-9 wp-has-aspect-ratio\"><div class=\"wp-block-embed__wrapper\">\n<iframe loading=\"lazy\" title=\"JESUALDO FERREIRA | COLETIVA AO VIVO (22\/01\/20)\" width=\"800\" height=\"450\" src=\"https:\/\/www.youtube.com\/embed\/cLJVLCEir94?feature=oembed\" frameborder=\"0\" allow=\"accelerometer; autoplay; encrypted-media; gyroscope; picture-in-picture\" allowfullscreen><\/iframe>\n<\/div><figcaption> O t\u00e9cnico Jesualdo Ferreira concede a \u00faltima entrevista antes da estreia do Santos no Paulist\u00e3o 2020<\/figcaption><\/figure>\n\n\n\n<p>Para a estreia de hoje a noite, o t\u00e9cnico Santista ter\u00e1 alguns problemas, principalmente em rela\u00e7\u00e3o \u00e0 forma\u00e7\u00e3o de sua zaga!<br>Gustavo Henrique vendido ao Flamengo, j\u00e1 faz parte do passado, e j\u00e1 n\u00e3o se contava mesmo com esse jogador!<br>A coisa toda come\u00e7ou a complicar em rela\u00e7\u00e3o \u00e0 forma\u00e7\u00e3o da nova dupla de zaga Santista, quando durante os trabalhos dessa curta pr\u00e9 temporada, Lucas Ver\u00edssimo sofreu um estiramento no ligamento colateral medial, e n\u00e3o tem data definida de retorno aos gramados, com rela\u00e7\u00e3o a Felipe Aguilar, o problema \u00e9 um edema no joelho direito. <br>Os dois inclusive, nem fazem parte da lista de jogadores que foram inscritos no Campeonato, por\u00e9m, ainda podem ser inscritos para o restante da competi\u00e7\u00e3o, caso o Santos deseje.<br>Confira a lista de jogadores inscritos para jogar o Paulist\u00e3o 2020<\/p>\n\n\n\n<div class=\"wp-block-image\"><figure class=\"aligncenter size-large is-resized\"><img data-recalc-dims=\"1\" loading=\"lazy\" decoding=\"async\" src=\"https:\/\/i0.wp.com\/sergiobertoldi.com\/wp-content\/uploads\/2020\/01\/WhatsApp-Image-2020-01-22-at-13.09.10-682x1024.jpeg?resize=341%2C512\" alt=\"\" class=\"wp-image-1075\" width=\"341\" height=\"512\"\/><figcaption>Jogadores relacionados<\/figcaption><\/figure><\/div>\n\n\n\n<p>Com essas duas baixas inesperadas, a zaga Peixeira deve ser formada por Luiz Felipe e Luan Peres.<br>Alex, rec\u00e9m-promovido da equipe B, e Wagner Leonardo, da base, completam o quadro de zagueiros do Santos.<br>Outro desfalque que dever\u00e1 ser bastante sentido, \u00e9 o de Yeferson Soteldo, que est\u00e1 disputando o Pr\u00e9-Ol\u00edmpico com a Sele\u00e7\u00e3o Sub-23 da Venezuela.<br>Derlis Gonz\u00e1lez e Raniel, brigam pela posi\u00e7\u00e3o!<\/p>\n\n\n\n<p>Para\na partida de logo mais, o 11 Santista deve ir a campo com: Everson; Par\u00e1, Luiz\nFelipe, Luan Peres, e Felipe Jonatan; Alison, Pituca e Pato S\u00e1nchez; Marinho,\nSasha e Kaio Jorge.&nbsp;&nbsp; <\/p>\n\n\n\n<p>A Pr\u00e9 Temporada do Santos, foi encerrada com um treino realizado na Vila Belmiro, treino realizado com port\u00f5es abertos e que contou com uma bela presen\u00e7a da torcida Alvinegra Praiana, que foi levar seu carinho e apoio aos jogadores, levando aquela vibra\u00e7\u00e3o positiva para a estreia de hoje! <\/p>\n\n\n\n<figure class=\"wp-block-image size-large\"><img data-recalc-dims=\"1\" decoding=\"async\" src=\"https:\/\/i0.wp.com\/sergiobertoldi.com\/wp-content\/uploads\/2020\/01\/49426664323_f85f67e118_c.jpg?w=800\" alt=\"\" class=\"wp-image-1076\"\/><\/figure>\n\n\n\n<figure class=\"wp-block-image size-large\"><img data-recalc-dims=\"1\" decoding=\"async\" src=\"https:\/\/i0.wp.com\/sergiobertoldi.com\/wp-content\/uploads\/2020\/01\/49427132446_4c6796b7d6_c.jpg?w=800\" alt=\"\" class=\"wp-image-1077\"\/><\/figure>\n\n\n\n<p>Al\u00e9m do torcedor Santista, alguns \u00eddolos da gloriosa hist\u00f3ria do Santos, Dorval, Edu e Meng\u00e1lvio, estiveram no gramado de Vila Belmiro, para desejar sorte e uma boa estreia  ao T\u00e9cnico Jesualdo Ferreira, e cumprimentar os jogadores<\/p>\n\n\n\n<figure class=\"wp-block-image size-large\"><img data-recalc-dims=\"1\" decoding=\"async\" src=\"https:\/\/i0.wp.com\/sergiobertoldi.com\/wp-content\/uploads\/2020\/01\/49426664283_88a542438c_c.jpg?w=800\" alt=\"\" class=\"wp-image-1078\"\/><figcaption>Jesualdo Ferreira recebendo o apoio dos Monstros Sagrados que fizeram a hist\u00f3ria do Santos<\/figcaption><\/figure>\n\n\n\n<figure class=\"wp-block-image size-large\"><img data-recalc-dims=\"1\" decoding=\"async\" src=\"https:\/\/i0.wp.com\/sergiobertoldi.com\/wp-content\/uploads\/2020\/01\/49427133781_a8761ff2c1_c.jpg?w=800\" alt=\"\" class=\"wp-image-1079\"\/><figcaption>Nosso Futuro recebendo as ben\u00e7\u00e3os do Passado<\/figcaption><\/figure>\n\n\n\n<figure class=\"wp-block-embed-youtube wp-block-embed is-type-video is-provider-youtube wp-embed-aspect-16-9 wp-has-aspect-ratio\"><div class=\"wp-block-embed__wrapper\">\n<iframe loading=\"lazy\" title=\"AO VIVO: SANTOS TREINA NA VILA ANTES DA ESTREIA NO PAULIST\u00c3O 2020\" width=\"800\" height=\"450\" src=\"https:\/\/www.youtube.com\/embed\/_NMsMDBQRB4?feature=oembed\" frameborder=\"0\" allow=\"accelerometer; autoplay; encrypted-media; gyroscope; picture-in-picture\" allowfullscreen><\/iframe>\n<\/div><figcaption>Acompanhem como foi o \u00faltimo treino do Santos antes  da estreia da temporada 2020<\/figcaption><\/figure>\n\n\n\n<p> Com imagens do Rep\u00f3rter Fotogr\u00e1fico Pedro Ernesto Guerra Azevedo\/Santos FC<\/p>\n","protected":false},"excerpt":{"rendered":"<p>Al\u00f4 Na\u00e7\u00e3o Santista! Sauda\u00e7\u00f5es Alvinegras! Demorou que pareceu uma eternidade!Nem os jogos da Copinha S\u00e3o Paulo de Juniores, uma esp\u00e9cie<\/p>\n","protected":false},"author":2,"featured_media":0,"comment_status":"open","ping_status":"open","sticky":false,"template":"","format":"standard","meta":{"colormag_page_container_layout":"default_layout","colormag_page_sidebar_layout":"default_layout","_jetpack_memberships_contains_paid_content":false,"footnotes":""},"categories":[4,25,10,22,17],"tags":[6],"class_list":["post-1074","post","type-post","status-publish","format-standard","hentry","category-bastidores-do-santos-fc","category-campeonato-paulista","category-elenco-profissional","category-entrevista-coletiva","category-pre-jogo","tag-santos-fc"],"jetpack_featured_media_url":"","jetpack_likes_enabled":true,"jetpack_sharing_enabled":true,"_links":{"self":[{"href":"https:\/\/sergiobertoldi.com\/index.php\/wp-json\/wp\/v2\/posts\/1074","targetHints":{"allow":["GET"]}}],"collection":[{"href":"https:\/\/sergiobertoldi.com\/index.php\/wp-json\/wp\/v2\/posts"}],"about":[{"href":"https:\/\/sergiobertoldi.com\/index.php\/wp-json\/wp\/v2\/types\/post"}],"author":[{"embeddable":true,"href":"https:\/\/sergiobertoldi.com\/index.php\/wp-json\/wp\/v2\/users\/2"}],"replies":[{"embeddable":true,"href":"https:\/\/sergiobertoldi.com\/index.php\/wp-json\/wp\/v2\/comments?post=1074"}],"version-history":[{"count":3,"href":"https:\/\/sergiobertoldi.com\/index.php\/wp-json\/wp\/v2\/posts\/1074\/revisions"}],"predecessor-version":[{"id":1084,"href":"https:\/\/sergiobertoldi.com\/index.php\/wp-json\/wp\/v2\/posts\/1074\/revisions\/1084"}],"wp:attachment":[{"href":"https:\/\/sergiobertoldi.com\/index.php\/wp-json\/wp\/v2\/media?parent=1074"}],"wp:term":[{"taxonomy":"category","embeddable":true,"href":"https:\/\/sergiobertoldi.com\/index.php\/wp-json\/wp\/v2\/categories?post=1074"},{"taxonomy":"post_tag","embeddable":true,"href":"https:\/\/sergiobertoldi.com\/index.php\/wp-json\/wp\/v2\/tags?post=1074"}],"curies":[{"name":"wp","href":"https:\/\/api.w.org\/{rel}","templated":true}]}}