{"id":1052,"date":"2020-01-19T08:00:00","date_gmt":"2020-01-19T11:00:00","guid":{"rendered":"http:\/\/sergiobertoldi.com\/?p=1052"},"modified":"2020-01-18T23:10:26","modified_gmt":"2020-01-19T02:10:26","slug":"santos-treina-forte-e-jogadores-estao-ansiosos-para-comecar-a-temporada-2020","status":"publish","type":"post","link":"https:\/\/sergiobertoldi.com\/index.php\/2020\/01\/19\/santos-treina-forte-e-jogadores-estao-ansiosos-para-comecar-a-temporada-2020\/","title":{"rendered":"Santos treina forte e jogadores est\u00e3o ansiosos para come\u00e7ar a temporada 2020"},"content":{"rendered":"\n<p><strong><span style=\"text-decoration: underline;\">Al\u00f4 Na\u00e7\u00e3o Santista! Sauda\u00e7\u00f5es Alvinegras!<\/span><\/strong><\/p>\n\n\n\n<p>O ano do Santos come\u00e7a oficialmente na pr\u00f3xima quinta-feira, (23), \u00e0s 19h15, quando o torcedor Santista que promete lotar a Vila Belmiro, vai poder matar as saudades de ver seus \u00eddolos em campo, mais uma vez honrando o \u201cManto Alvinegro\u201d.<br>A partida de estreia do Peixe na temporada de 2020, ser\u00e1 contra o Red Bull Bragantino, em jogo v\u00e1lido pela primeira rodada no Campeonato Paulista 2020.<\/p>\n\n\n\n<p>N\u00e3o se sabe ainda, qual a forma\u00e7\u00e3o desse novo Santos, agora comandado pelo Treinador Jesualdo Ferreira!<br>O que se sabe, \u00e9 que desde sua chegada ao clube, o elenco Santista n\u00e3o vem tendo vida f\u00e1cil n\u00e3o! Adepto dos treinos fechados, a imprensa que cobre o dia a dia do Alvinegro mais famoso do mundo, tem tentado em v\u00e3o, descobrir alguma pista desse Santos que volta a campo na pr\u00f3xima quinta-feira.<br>De concreto mesmo, podemos afirmar que pelos trabalhos que vem sendo realizados, n\u00e3o ser\u00e1 por falta de preparo de \u201cPr\u00e9 Temporada\u201d, que o time do Santos deixar\u00e1 de fazer um bom papel neste ano!<\/p>\n\n\n\n<figure class=\"wp-block-embed-youtube wp-block-embed is-type-video is-provider-youtube wp-embed-aspect-16-9 wp-has-aspect-ratio\"><div class=\"wp-block-embed__wrapper\">\n<iframe loading=\"lazy\" title=\"A PREPARA\u00c7\u00c3O F\u00cdSICA DO SANTOS PARA A TEMPORADA 2020\" width=\"800\" height=\"450\" src=\"https:\/\/www.youtube.com\/embed\/qn5Sl7Q2Jis?feature=oembed\" frameborder=\"0\" allow=\"accelerometer; autoplay; encrypted-media; gyroscope; picture-in-picture\" allowfullscreen><\/iframe>\n<\/div><figcaption>Prepara\u00e7\u00e3o F\u00edsica para aguentar a forte temporada Brasileira<\/figcaption><\/figure>\n\n\n\n<p>Desde que o treinador Jesualdo Ferreira foi apresentado na Vila Belmiro, de l\u00e1 para c\u00e1 j\u00e1 se passaram 10 dias de treinamentos intensivos, e em muitos dias, realizados em dois per\u00edodos!<\/p>\n\n\n\n<figure class=\"wp-block-embed-youtube wp-block-embed is-type-video is-provider-youtube wp-embed-aspect-16-9 wp-has-aspect-ratio\"><div class=\"wp-block-embed__wrapper\">\n<iframe loading=\"lazy\" title=\"SANTOS INTENSIFICA TREINOS NO CT REI PEL\u00c9 | DE OLHO NO TREINO (14\/01\/20)\" width=\"800\" height=\"450\" src=\"https:\/\/www.youtube.com\/embed\/tzJz-5qbfZs?feature=oembed\" frameborder=\"0\" allow=\"accelerometer; autoplay; encrypted-media; gyroscope; picture-in-picture\" allowfullscreen><\/iframe>\n<\/div><figcaption>Com uma Pr\u00e9 Temporada curta Santos intensifica os trabalhos f\u00edsicos<\/figcaption><\/figure>\n\n\n\n<p>Neste domingo, o elenco volta a treinar em dois per\u00edodos, \u00e0s 10h e 16h.<br>Amanh\u00e3, Segunda-feira, 20\/1, o treino ser\u00e1 \u00e0s 16h<\/p>\n\n\n\n<p>Luan\nPeres, Zagueiro que pertence ao Club Brugge da B\u00e9lgica e est\u00e1 no Santos por\nempr\u00e9stimo at\u00e9 dezembro de 2020, destacou em uma entrevista coletiva realizada\nnesta \u00faltima sexta-feira no CT Rei Pel\u00e9, a surpresa de todo elenco n\u00e3o s\u00f3 com o\nnovo trabalho sob o comando do t\u00e9cnico Jesualdo Ferreira, mas tamb\u00e9m com o\nconhecimento que o novo treinador j\u00e1 chegou demonstrando ter dos atletas!<\/p>\n\n\n\n<figure class=\"wp-block-image size-large\"><img data-recalc-dims=\"1\" decoding=\"async\" src=\"https:\/\/i0.wp.com\/sergiobertoldi.com\/wp-content\/uploads\/2020\/01\/49013434051_4117da8b09_h-1-800x533-1.jpg?w=800\" alt=\"\" class=\"wp-image-1054\"\/><figcaption>Luan Peres e elenco est\u00e3o animados com o trabalho do novo Treinador<\/figcaption><\/figure>\n\n\n\n<p>&nbsp;\u201cFoi surpreendente vermos logo em sua chegada,\nj\u00e1 no seu primeiro contato, que ele &nbsp;j\u00e1\nsabia um pouco de cada um. Fun\u00e7\u00e3o e caracter\u00edsticas. N\u00e3o teve treino para\navaliar, j\u00e1 sabia por v\u00eddeo. Quando foi contratado, viu jogos e v\u00eddeos nossos.\nFaz muito treino f\u00edsico, alguns com preparador normais, e sempre passa trabalho\nvisando o jogo, algo que Jesualdo j\u00e1 fazia. N\u00e3o tem treininho curto. Corremos\num pouco mais. Mostra que faz um grande trabalho e tem tudo para dar certo\u201d,\ndeclarou.<\/p>\n\n\n\n<figure class=\"wp-block-audio\"><audio controls src=\"http:\/\/sergiobertoldi.com\/wp-content\/uploads\/2020\/01\/WhatsApp-Audio-2020-01-17-Zagueiro-Luan-Peres.mp3\"><\/audio><figcaption>Luan Peres em Coletiva<\/figcaption><\/figure>\n\n\n\n<p>Bem preparados e acima de tudo: \u201cAnimados\u201d<br>Esse \u00e9 o retrato do elenco do Santos, ansioso para entrar logo em campo e mostrar a que veio em 2020!<\/p>\n\n\n\n<p>(Cr\u00e9dito: Imagem: Ivan Storti\/Divulga\u00e7\u00e3o\/Santos FC)<\/p>\n","protected":false},"excerpt":{"rendered":"<p>Al\u00f4 Na\u00e7\u00e3o Santista! Sauda\u00e7\u00f5es Alvinegras! O ano do Santos come\u00e7a oficialmente na pr\u00f3xima quinta-feira, (23), \u00e0s 19h15, quando o torcedor<\/p>\n","protected":false},"author":2,"featured_media":0,"comment_status":"open","ping_status":"open","sticky":false,"template":"","format":"standard","meta":{"colormag_page_container_layout":"default_layout","colormag_page_sidebar_layout":"default_layout","_jetpack_memberships_contains_paid_content":false,"footnotes":""},"categories":[4,25,10,34],"tags":[6],"class_list":["post-1052","post","type-post","status-publish","format-standard","hentry","category-bastidores-do-santos-fc","category-campeonato-paulista","category-elenco-profissional","category-trabalhos-de-pre-temporada","tag-santos-fc"],"jetpack_featured_media_url":"","jetpack_likes_enabled":true,"jetpack_sharing_enabled":true,"_links":{"self":[{"href":"https:\/\/sergiobertoldi.com\/index.php\/wp-json\/wp\/v2\/posts\/1052","targetHints":{"allow":["GET"]}}],"collection":[{"href":"https:\/\/sergiobertoldi.com\/index.php\/wp-json\/wp\/v2\/posts"}],"about":[{"href":"https:\/\/sergiobertoldi.com\/index.php\/wp-json\/wp\/v2\/types\/post"}],"author":[{"embeddable":true,"href":"https:\/\/sergiobertoldi.com\/index.php\/wp-json\/wp\/v2\/users\/2"}],"replies":[{"embeddable":true,"href":"https:\/\/sergiobertoldi.com\/index.php\/wp-json\/wp\/v2\/comments?post=1052"}],"version-history":[{"count":1,"href":"https:\/\/sergiobertoldi.com\/index.php\/wp-json\/wp\/v2\/posts\/1052\/revisions"}],"predecessor-version":[{"id":1057,"href":"https:\/\/sergiobertoldi.com\/index.php\/wp-json\/wp\/v2\/posts\/1052\/revisions\/1057"}],"wp:attachment":[{"href":"https:\/\/sergiobertoldi.com\/index.php\/wp-json\/wp\/v2\/media?parent=1052"}],"wp:term":[{"taxonomy":"category","embeddable":true,"href":"https:\/\/sergiobertoldi.com\/index.php\/wp-json\/wp\/v2\/categories?post=1052"},{"taxonomy":"post_tag","embeddable":true,"href":"https:\/\/sergiobertoldi.com\/index.php\/wp-json\/wp\/v2\/tags?post=1052"}],"curies":[{"name":"wp","href":"https:\/\/api.w.org\/{rel}","templated":true}]}}